{"id":1864,"date":"2018-07-29T21:03:27","date_gmt":"2018-07-29T19:03:27","guid":{"rendered":"https:\/\/ff-muehlfeld.at\/?p=1864"},"modified":"2019-01-03T20:57:12","modified_gmt":"2019-01-03T19:57:12","slug":"bergung-eines-traktors","status":"publish","type":"post","link":"https:\/\/ff-muehlfeld.at\/?p=1864","title":{"rendered":"Bergung eines Traktors"},"content":{"rendered":"<p><strong>Bergung eines Traktors in M\u00fchlfeld<\/strong><\/p>\n<p>Am Sonntag, den 29. Juli 2018, wurde die Feuerwehr M\u00fchlfeld um 21:03 Uhr zur Bergung eines Traktors samt Grupper alarmiert. Ein Traktor war in den Stra\u00dfengraben gerutscht. Mit Hilfe der FF-Horn die zur Unterst\u00fctzung gerufen wurde und mit zwei Seilwinden konnte der Traktor gesichert und aus dem Graben gezogen werden. Der Einsatz dauerte eine knappe Stunde. Verletzt wurde niemand. Die FF-M\u00fchlfeld war mit 3 Mann im Einsatz.<\/p>\n<p>&nbsp;<\/p>\n<div id=\"attachment_1866\" style=\"width: 1010px\" class=\"wp-caption alignnone\"><img aria-describedby=\"caption-attachment-1866\" loading=\"lazy\" class=\"size-full wp-image-1866\" src=\"https:\/\/ff-muehlfeld.at\/wp-content\/uploads\/2018\/07\/DSC2312.jpg\" alt=\"\" width=\"1000\" height=\"665\" \/><p id=\"caption-attachment-1866\" class=\"wp-caption-text\">Bergung eines Traktors<\/p><\/div>\n<div id=\"attachment_1867\" style=\"width: 1010px\" class=\"wp-caption alignnone\"><img aria-describedby=\"caption-attachment-1867\" loading=\"lazy\" class=\"size-full wp-image-1867\" src=\"https:\/\/ff-muehlfeld.at\/wp-content\/uploads\/2018\/07\/DSC2339.jpg\" alt=\"\" width=\"1000\" height=\"665\" \/><p id=\"caption-attachment-1867\" class=\"wp-caption-text\">Bergung eines Traktors<\/p><\/div>\n<div id=\"attachment_1868\" style=\"width: 1010px\" class=\"wp-caption alignnone\"><img aria-describedby=\"caption-attachment-1868\" loading=\"lazy\" class=\"size-full wp-image-1868\" src=\"https:\/\/ff-muehlfeld.at\/wp-content\/uploads\/2018\/07\/DSC2340.jpg\" alt=\"\" width=\"1000\" height=\"665\" \/><p id=\"caption-attachment-1868\" class=\"wp-caption-text\">Bergung eines Traktors<\/p><\/div>\n<div id=\"attachment_1869\" style=\"width: 1010px\" class=\"wp-caption alignnone\"><img aria-describedby=\"caption-attachment-1869\" loading=\"lazy\" class=\"size-full wp-image-1869\" src=\"https:\/\/ff-muehlfeld.at\/wp-content\/uploads\/2018\/07\/DSC2343.jpg\" alt=\"\" width=\"1000\" height=\"665\" \/><p id=\"caption-attachment-1869\" class=\"wp-caption-text\">Bergung eines Traktors<\/p><\/div>\n<div id=\"attachment_1870\" style=\"width: 1010px\" class=\"wp-caption alignnone\"><img aria-describedby=\"caption-attachment-1870\" loading=\"lazy\" class=\"size-full wp-image-1870\" src=\"https:\/\/ff-muehlfeld.at\/wp-content\/uploads\/2018\/07\/DSC2347.jpg\" alt=\"\" width=\"1000\" height=\"665\" \/><p id=\"caption-attachment-1870\" class=\"wp-caption-text\">Bergung eines Traktors<\/p><\/div>\n<div id=\"attachment_1871\" style=\"width: 1010px\" class=\"wp-caption alignnone\"><img aria-describedby=\"caption-attachment-1871\" loading=\"lazy\" class=\"size-full wp-image-1871\" src=\"https:\/\/ff-muehlfeld.at\/wp-content\/uploads\/2018\/07\/DSC2376.jpg\" alt=\"\" width=\"1000\" height=\"665\" \/><p id=\"caption-attachment-1871\" class=\"wp-caption-text\">Bergung eines Traktors<\/p><\/div>\n<p>&nbsp;<\/p>\n<p>Alle Fotos: Copyright Stefan F\u00fchrer <a href=\"https:\/\/www.einsatzdoku.at\/\">\u00a0www.einsatzdoku.at<\/a><\/p>\n","protected":false},"excerpt":{"rendered":"<p>Bergung eines Traktors in M\u00fchlfeld Am Sonntag, den 29. Juli 2018, wurde die Feuerwehr M\u00fchlfeld um 21:03 Uhr zur Bergung eines Traktors samt Grupper alarmiert. Ein Traktor war in den Stra\u00dfengraben gerutscht. Mit Hilfe der FF-Horn die zur Unterst\u00fctzung gerufen wurde und mit zwei Seilwinden konnte der Traktor gesichert und aus dem Graben gezogen werden.<\/p>\n","protected":false},"author":1,"featured_media":0,"comment_status":"closed","ping_status":"closed","sticky":false,"template":"","format":"standard","meta":[],"categories":[33],"tags":[30,23],"_links":{"self":[{"href":"https:\/\/ff-muehlfeld.at\/index.php?rest_route=\/wp\/v2\/posts\/1864"}],"collection":[{"href":"https:\/\/ff-muehlfeld.at\/index.php?rest_route=\/wp\/v2\/posts"}],"about":[{"href":"https:\/\/ff-muehlfeld.at\/index.php?rest_route=\/wp\/v2\/types\/post"}],"author":[{"embeddable":true,"href":"https:\/\/ff-muehlfeld.at\/index.php?rest_route=\/wp\/v2\/users\/1"}],"replies":[{"embeddable":true,"href":"https:\/\/ff-muehlfeld.at\/index.php?rest_route=%2Fwp%2Fv2%2Fcomments&post=1864"}],"version-history":[{"count":3,"href":"https:\/\/ff-muehlfeld.at\/index.php?rest_route=\/wp\/v2\/posts\/1864\/revisions"}],"predecessor-version":[{"id":1873,"href":"https:\/\/ff-muehlfeld.at\/index.php?rest_route=\/wp\/v2\/posts\/1864\/revisions\/1873"}],"wp:attachment":[{"href":"https:\/\/ff-muehlfeld.at\/index.php?rest_route=%2Fwp%2Fv2%2Fmedia&parent=1864"}],"wp:term":[{"taxonomy":"category","embeddable":true,"href":"https:\/\/ff-muehlfeld.at\/index.php?rest_route=%2Fwp%2Fv2%2Fcategories&post=1864"},{"taxonomy":"post_tag","embeddable":true,"href":"https:\/\/ff-muehlfeld.at\/index.php?rest_route=%2Fwp%2Fv2%2Ftags&post=1864"}],"curies":[{"name":"wp","href":"https:\/\/api.w.org\/{rel}","templated":true}]}}