{"id":2365,"date":"2024-12-26T09:51:38","date_gmt":"2024-12-26T08:51:38","guid":{"rendered":"https:\/\/ff-muehlfeld.at\/?p=2365"},"modified":"2025-09-14T10:55:19","modified_gmt":"2025-09-14T08:55:19","slug":"einladung-zur-jahreshauptversammlung","status":"publish","type":"post","link":"https:\/\/ff-muehlfeld.at\/?p=2365","title":{"rendered":"Einladung zur Jahreshauptversammlung 2025"},"content":{"rendered":"\n<p><\/p>\n\n\n\n<div class=\"wp-block-image\"><figure class=\"alignright is-resized\"><img loading=\"lazy\" src=\"https:\/\/ff-muehlfeld.at\/wp-content\/uploads\/2017\/01\/ff-wappen.png\" alt=\"Feuerwehr Wappen\" width=\"181\" height=\"204\"\/><figcaption>FF M\u00fchlfeld<\/figcaption><\/figure><\/div>\n\n\n\n<p><strong><em>Einladung zur Jahreshauptversammlung am Freitag, den 17. J\u00e4nner 2024&nbsp;um 18:00 Uhr<\/em><\/strong><\/p>\n\n\n\n<p><em style=\"font-weight: bold;\">i<\/em><strong><em style=\"font-weight: bold;\">m Landgasthof \u201eMann\u201c<\/em><em> in Rosenburg<\/em> <\/strong><\/p>\n\n\n\n<p>Adjustierung: Dienstbekleidung I<\/p>\n\n\n\n<p><strong>Tagesordnung:<\/strong><\/p>\n\n\n\n<p><\/p>\n\n\n\n<ol><li>Begr\u00fc\u00dfung durch den Kommandanten<\/li><li>Gedenkminute f\u00fcr verstorbene Kameraden<\/li><li>Vorlesung des Protokolls der letzten Mitgliederversammlung<\/li><li>Einzahlung in die Sterbekassa<\/li><li>Kassabericht<\/li><li>Bericht der Kassapr\u00fcfer<\/li><li>Bestellung der Kassapr\u00fcfer f\u00fcr 2025<\/li><li>Bericht des Kommandanten<\/li><li>Bef\u00f6rderungen<\/li><li>Vorschau 2025<\/li><li>Allf\u00e4lliges<\/li><\/ol>\n\n\n\n<p><\/p>\n\n\n\n<p>Um zuverl\u00e4ssige Teilnahme wird gebeten.<\/p>\n\n\n\n<p><\/p>\n\n\n\n<p><strong>Kommandant <\/strong>Michael Hainzl OBI<\/p>\n\n\n\n<p><a href=\"https:\/\/ff-muehlfeld.at\/wp-content\/uploads\/2024\/12\/Einladung-Jahreshauptversammlung-2024.docx\">Einladung als Dateidownload<\/a><\/p>\n","protected":false},"excerpt":{"rendered":"<p>Einladung zur Jahreshauptversammlung am Freitag, den 17. J\u00e4nner 2024&nbsp;um 18:00 Uhr im Landgasthof \u201eMann\u201c in Rosenburg Adjustierung: Dienstbekleidung I Tagesordnung: Begr\u00fc\u00dfung durch den Kommandanten Gedenkminute f\u00fcr verstorbene Kameraden Vorlesung des Protokolls der letzten Mitgliederversammlung Einzahlung in die Sterbekassa Kassabericht Bericht der Kassapr\u00fcfer Bestellung der Kassapr\u00fcfer f\u00fcr 2025 Bericht des Kommandanten Bef\u00f6rderungen Vorschau 2025 Allf\u00e4lliges Um<\/p>\n","protected":false},"author":1,"featured_media":0,"comment_status":"open","ping_status":"closed","sticky":false,"template":"","format":"standard","meta":[],"categories":[8],"tags":[42,9],"_links":{"self":[{"href":"https:\/\/ff-muehlfeld.at\/index.php?rest_route=\/wp\/v2\/posts\/2365"}],"collection":[{"href":"https:\/\/ff-muehlfeld.at\/index.php?rest_route=\/wp\/v2\/posts"}],"about":[{"href":"https:\/\/ff-muehlfeld.at\/index.php?rest_route=\/wp\/v2\/types\/post"}],"author":[{"embeddable":true,"href":"https:\/\/ff-muehlfeld.at\/index.php?rest_route=\/wp\/v2\/users\/1"}],"replies":[{"embeddable":true,"href":"https:\/\/ff-muehlfeld.at\/index.php?rest_route=%2Fwp%2Fv2%2Fcomments&post=2365"}],"version-history":[{"count":5,"href":"https:\/\/ff-muehlfeld.at\/index.php?rest_route=\/wp\/v2\/posts\/2365\/revisions"}],"predecessor-version":[{"id":2371,"href":"https:\/\/ff-muehlfeld.at\/index.php?rest_route=\/wp\/v2\/posts\/2365\/revisions\/2371"}],"wp:attachment":[{"href":"https:\/\/ff-muehlfeld.at\/index.php?rest_route=%2Fwp%2Fv2%2Fmedia&parent=2365"}],"wp:term":[{"taxonomy":"category","embeddable":true,"href":"https:\/\/ff-muehlfeld.at\/index.php?rest_route=%2Fwp%2Fv2%2Fcategories&post=2365"},{"taxonomy":"post_tag","embeddable":true,"href":"https:\/\/ff-muehlfeld.at\/index.php?rest_route=%2Fwp%2Fv2%2Ftags&post=2365"}],"curies":[{"name":"wp","href":"https:\/\/api.w.org\/{rel}","templated":true}]}}